{"id":4739,"date":"2025-12-12T03:04:37","date_gmt":"2025-12-12T03:04:37","guid":{"rendered":"https:\/\/gsaishockabsorber.com\/?p=4739"},"modified":"2025-10-31T03:27:01","modified_gmt":"2025-10-31T03:27:01","slug":"french-industry-standards-for-adjustable-shock-absorbers-in-suvs","status":"publish","type":"post","link":"https:\/\/gsaishockabsorber.com\/tr\/french-industry-standards-for-adjustable-shock-absorbers-in-suvs\/","title":{"rendered":"SUV'lerde Ayarlanabilir Amortis\u00f6rler i\u00e7in Frans\u0131z End\u00fcstri Standartlar\u0131"},"content":{"rendered":"<p>Fransa, ayarlanabilir SUV s\u00fcspansiyonunun g\u00fcvenli, dayan\u0131kl\u0131 ve izlenebilir olmas\u0131n\u0131 bekliyor \u2013 malzeme uyumundan montaj belgelerine ve yol testlerine kadar. Bu rehber, SUV'lerde Ayarlanabilir Amortis\u00f6rler i\u00e7in Frans\u0131z End\u00fcstri Standartlar\u0131n\u0131 pratik ad\u0131mlara ay\u0131r\u0131yor: Defender 110'a nas\u0131l monte edilir, filolar amortis\u00f6rleri nas\u0131l se\u00e7meli, arazide hangi \u00f6zellikler \u00f6nemli, Alplerde ve orman arazisinde nas\u0131l test edilir ve bayiler \u00fclke \u00e7ap\u0131nda sistemleri nas\u0131l belirleyip stoklay\u0131p destekleyebilir. Ara\u00e7 spesifikasyonlar\u0131n\u0131z veya filo \u00f6zetiniz varsa payla\u015f\u0131n ve bu sayfadan G\u00b7SAI ekibinden \u00f6zel teklif veya demo kurulumu isteyin: s\u00fcspansiyon uzmanlar\u0131m\u0131zla ileti\u015fime ge\u00e7in.<\/p>\n\n\n<div class=\"wp-block-image\">\n<figure class=\"aligncenter size-full\"><img loading=\"lazy\" decoding=\"async\" width=\"1024\" height=\"1024\" src=\"https:\/\/gsaishockabsorber.com\/wp-content\/uploads\/2025\/10\/158.jpg\" alt=\"\" class=\"wp-image-4740\" srcset=\"https:\/\/gsaishockabsorber.com\/wp-content\/uploads\/2025\/10\/158.jpg 1024w, https:\/\/gsaishockabsorber.com\/wp-content\/uploads\/2025\/10\/158-300x300.jpg 300w, https:\/\/gsaishockabsorber.com\/wp-content\/uploads\/2025\/10\/158-150x150.jpg 150w, https:\/\/gsaishockabsorber.com\/wp-content\/uploads\/2025\/10\/158-768x768.jpg 768w, https:\/\/gsaishockabsorber.com\/wp-content\/uploads\/2025\/10\/158-12x12.jpg 12w\" sizes=\"auto, (max-width: 1024px) 100vw, 1024px\" \/><\/figure>\n<\/div>\n\n\n<h2 class=\"wp-block-heading\">Land Rover Defender 110 i\u00e7in Ayarlanabilir Amortis\u00f6r Montaj Rehberi<\/h2>\n\n\n\n<p>Sonu g\u00f6z \u00f6n\u00fcnde bulundurarak ba\u015flay\u0131n: yasal ve yol uygunlu\u011fu hedefi. Fransa'da y\u00fckseltmeler OEM geometrisini korumal\u0131, y\u00fckseklik de\u011fi\u015fikliklerinden sonra far hizalamas\u0131 do\u011fru olmal\u0131 ve frenleme ile direksiyon davran\u0131\u015f\u0131 tutarl\u0131 kalmal\u0131. UTAC test normlar\u0131 ve DREAL denetimleri yol g\u00fcvenli\u011fine odaklan\u0131r; pratikte bu, yay veya amortis\u00f6r interferans\u0131 olmamas\u0131, tam artik\u00fclasyonda do\u011fru hareket ve belgelenmi\u015f hizalamay\u0131 gerektirir.<\/p>\n\n\n\n<p>Montaj\u0131 \u201cbelirle \u2192 do\u011frula \u2192 monte et \u2192 \u00f6l\u00e7 \u2192 do\u011frula\u201d d\u00f6ng\u00fcs\u00fcnde i\u015fleyin:<\/p>\n\n\n\n<ul class=\"wp-block-list\">\n<li>Belirle: aks a\u011f\u0131rl\u0131klar\u0131n\u0131, istenen kald\u0131rmay\u0131 (varsa), lastik boyutunu ve aksesuarlardan ek y\u00fck\u00fc onaylay\u0131n. Uyumlu yay oranlar\u0131 ve uzunluklu \u00f6n ve arka amortis\u00f6rleri se\u00e7in.<\/li>\n\n\n\n<li>Do\u011frula: bir k\u00f6\u015feyi kuru monte edin, s\u00fcspansiyonu t\u00fcmsek ve sarkma boyunca \u00e7al\u0131\u015ft\u0131rarak hortum y\u00f6nlendirmesini (uzak rezervuar varsa), fren hortumu gerginli\u011fini ve tampon temas\u0131n\u0131 kontrol edin.<\/li>\n\n\n\n<li>Monte et: OEM spesifikasyonlar\u0131na g\u00f6re torklay\u0131n<a href=\"https:\/\/en.wikipedia.org\/wiki\/Vehicle\" target=\"_blank\" rel=\"noopener\"> ara\u00e7<\/a> sark\u0131k de\u011fil s\u00fcr\u00fc\u015f y\u00fcksekli\u011finde, bur\u00e7 \u00f6n y\u00fcklemesini \u00f6nlemek i\u00e7in. Rezervuarlar \u0131s\u0131 ve debris kalkanl\u0131 sert braketlere monte edilir.<\/li>\n\n\n\n<li>\u00d6l\u00e7: statik s\u00fcr\u00fc\u015f y\u00fcksekli\u011fini, varsa k\u00f6\u015fe a\u011f\u0131rl\u0131klar\u0131n\u0131 ve amortis\u00f6r sarkmas\u0131n\u0131 kontrol edin. Ba\u015flang\u0131\u00e7 t\u0131klama ayarlar\u0131n\u0131 belirleyin (\u00f6r. orta aral\u0131k s\u0131k\u0131\u015ft\u0131rma ve geri tepme).<\/li>\n\n\n\n<li>Do\u011frula: k\u0131sa yol testi yap\u0131n ard\u0131ndan engebeli yol ge\u00e7i\u015fi; \u0131s\u0131 solmas\u0131n\u0131 kontrol edin ve s\u00f6n\u00fcmlemeyi 2\u20133 t\u0131klama ile ayarlay\u0131n.<\/li>\n<\/ul>\n\n\n\n<p>Frans\u0131z m\u00fcfetti\u015flerin \u00f6nemsedi\u011fi montaj kontrol noktalar\u0131 a\u015fa\u011f\u0131da \u00f6zetlenmi\u015ftir.<\/p>\n\n\n\n<figure class=\"wp-block-table\"><table class=\"has-fixed-layout\"><thead><tr><th>Montaj kontrol noktas\u0131<\/th><th>Neyi kontrol etmeli<\/th><th>Ge\u00e7me kriteri<\/th><th>Fransa i\u00e7in notlar<\/th><\/tr><\/thead><tbody><tr><td>T\u00fcmsek\/sarkma bo\u015flu\u011fu<\/td><td>Lastikler, coil'ler, sal\u0131ncak \u00e7ubu\u011fu, fren hortumlar\u0131<\/td><td>Tam hareket boyunca temas yok<\/td><td>Onay dosyalar\u0131 i\u00e7in foto\u011fraflarla belgeleyin<\/td><\/tr><tr><td>Amortis\u00f6r uzunlu\u011fu vs. hareket<\/td><td>Uzat\u0131lm\u0131\u015f\/s\u0131k\u0131\u015ft\u0131r\u0131lm\u0131\u015f uzunluklar vs. tamponlar<\/td><td>\u00dcstten\/altan vurma yok<\/td><td>Ara\u00e7 dosyas\u0131nda spesifikasyon sayfalar\u0131n\u0131 saklay\u0131n<\/td><\/tr><tr><td>Rezervuar y\u00f6nlendirmesi<\/td><td>Hortum k\u0131vr\u0131m\u0131 ve \u0131s\u0131 kaynaklar\u0131<\/td><td>K\u0131vr\u0131m yok; egzoz yak\u0131n\u0131nda \u0131s\u0131 kalkan\u0131<\/td><td>Gerekti\u011finde yang\u0131na dayan\u0131kl\u0131 k\u0131l\u0131flar kullan\u0131n<\/td><\/tr><tr><td>Montaj sonras\u0131 hizalama<\/td><td>Kamber\/kaster\/ayak a\u00e7\u0131s\u0131 tolerans i\u00e7inde<\/td><td>OEM veya onayl\u0131 spesifikasyona uyar<\/td><td>Y\u00fckseklik de\u011fi\u015fikli\u011finden sonra far yeniden hizalamas\u0131<\/td><\/tr><tr><td>G\u00fcr\u00fclt\u00fc\/titre\u015fim<\/td><td>Bur\u00e7lar ve montajlar oturmu\u015f<\/td><td>\u00c7at\u0131rt\u0131 veya rezonans yok<\/td><td>200\u2013500 km \u0131s\u0131nma sonras\u0131 yeniden torklay\u0131n<\/td><\/tr><\/tbody><\/table><\/figure>\n\n\n\n<p>Bu kontrol listesini arac\u0131n modifikasyon dosyas\u0131yla saklay\u0131n. DREAL g\u00f6r\u00fc\u015fmelerini h\u0131zland\u0131r\u0131r ve ileride garanti deste\u011fini kolayla\u015ft\u0131r\u0131r.<\/p>\n\n\n\n<h2 class=\"wp-block-heading\">Fransa'da SUV Filolar\u0131 i\u00e7in Ayarlanabilir Amortis\u00f6r Se\u00e7imi<\/h2>\n\n\n\n<p>Filo y\u00f6neticileri s\u00fcr\u00fcc\u00fc g\u00fcvenli\u011fi, \u00e7al\u0131\u015fma s\u00fcresi ve toplam sahiplik maliyetini dengeler. Fransa'da iki k\u0131s\u0131tlama daha ekleyin: net ka\u011f\u0131t izi (faturalar, spesifikasyonlar, montaj raporlar\u0131) ve REACH gibi AB \u00e7evresel uyumu i\u00e7in malzeme uyumlulu\u011fu. Do\u011fru ayarlanabilir amortis\u00f6r, Defender, Prado veya Duster gibi bir platformu farkl\u0131 y\u00fckler ve g\u00f6rev d\u00f6ng\u00fcleri i\u00e7in ayarlaman\u0131za izin verir, SKU'lar\u0131 en aza indirirken s\u00fcr\u00fc\u015f ve kontrol\u00fc optimize eder.<\/p>\n\n\n\n<p>\u00dcr\u00fcnleri filo ger\u00e7ekleriyle uyumlu hale getirmek i\u00e7in karar matrisi kullan\u0131n:<\/p>\n\n\n\n<figure class=\"wp-block-table\"><table class=\"has-fixed-layout\"><thead><tr><th>Karar fakt\u00f6r\u00fc<\/th><th>Kent\/yol odakl\u0131 filo<\/th><th>Kar\u0131\u015f\u0131k kullan\u0131m (yol + i\u015f sahalar\u0131)<\/th><th>Sert g\u00f6rev (Alpler, ta\u015f ocaklar\u0131, ormanc\u0131l\u0131k)<\/th><\/tr><\/thead><tbody><tr><td>S\u00f6n\u00fcmleme mimarisi<\/td><td>\u0130kiz t\u00fcp temel ayarlay\u0131c\u0131l\u0131<\/td><td>Monot\u00fcp harici ayarlay\u0131c\u0131l\u0131<\/td><td>Uzaktan rezervuarl\u0131 monot\u00fcp<\/td><\/tr><tr><td>Is\u0131 y\u00f6netimi<\/td><td>D\u00fc\u015f\u00fck<\/td><td>Orta<\/td><td>Y\u00fcksek, solmaya dayan\u0131kl\u0131 ya\u011fl\u0131<\/td><\/tr><tr><td>Servis aral\u0131\u011f\u0131<\/td><td>Uzun<\/td><td>Standart<\/td><td>K\u0131sa, yeniden yap\u0131land\u0131rma kitli<\/td><\/tr><tr><td>Uyum &amp; belgeler<\/td><td>SUV'lerde Ayarlanabilir Amortis\u00f6rler i\u00e7in Frans\u0131z End\u00fcstri Standartlar\u0131na uyar<\/td><td>Tam spesifikasyon sayfalar\u0131 + montaj raporlar\u0131<\/td><td>Tam izlenebilirlik + test kay\u0131tlar\u0131<\/td><\/tr><tr><td>TCO g\u00f6r\u00fcn\u00fcm\u00fc<\/td><td>En d\u00fc\u015f\u00fck pe\u015fin<\/td><td>H\u0131zl\u0131 geri tepme<\/td><td>En y\u00fcksek pe\u015fin, en d\u00fc\u015f\u00fck kesinti<\/td><\/tr><\/tbody><\/table><\/figure>\n\n\n\n<p>Her g\u00f6rev kategorisinde pilot ara\u00e7larla ba\u015flay\u0131n. S\u00fcr\u00fcc\u00fc geri bildirimlerini kaydedin (\u201cy\u00fczer\u201d, \u201c\u00e7ak\u0131lta sert\u201d, \u201cz\u0131plamalarda alt vurur\u201d), tan\u0131ml\u0131 d\u00f6ng\u00fc sonras\u0131 amortis\u00f6r y\u00fczey s\u0131cakl\u0131klar\u0131n\u0131 izleyin ve fren ile direksiyon hissini not edin. \u0130ki haftal\u0131k yap\u0131land\u0131r\u0131lm\u0131\u015f notlar bir y\u0131ll\u0131k tahminden \u00fcst\u00fcnd\u00fcr ve i\u00e7 denetimlerde dayan\u0131kl\u0131d\u0131r.<\/p>\n\n\n\n<p>Y\u00fcksek performansl\u0131 se\u00e7eneklerin arkas\u0131ndaki m\u00fchendislik felsefesi ve \u00fcretim titizli\u011fi i\u00e7in G\u00b7SAI \u015firket profilini taray\u0131n, tasar\u0131m kontrollerini ve test k\u00fclt\u00fcr\u00fcn\u00fc anlay\u0131n.<\/p>\n\n\n\n<h2 class=\"wp-block-heading\">Arazi Ara\u00e7 Performans\u0131 i\u00e7in Ayarlanabilir S\u00fcspansiyonun En \u0130yi \u00d6zellikleri<\/h2>\n\n\n\n<p>En iyi ayarlanabilir s\u00fcspansiyon kontrol\u00fc tutarl\u0131l\u0131kla birle\u015ftirir. Is\u0131 y\u00f6netimi, valf hassasiyeti ve \u0131slak, tuzlu, \u00e7amurlu Frans\u0131z ortamlar\u0131nda dayan\u0131kl\u0131l\u0131\u011f\u0131 do\u011frudan iyile\u015ftiren \u00f6zellikleri aray\u0131n.<\/p>\n\n\n\n<figure class=\"wp-block-table\"><table class=\"has-fixed-layout\"><thead><tr><th>\u00d6zellik<\/th><th>Neden arazi i\u00e7in \u00f6nemli<\/th><th>Neye bakmal\u0131<\/th><\/tr><\/thead><tbody><tr><td>Monot\u00fcp tasar\u0131m<\/td><td>Daha iyi \u0131s\u0131 da\u011f\u0131l\u0131m\u0131 ve tutarl\u0131 s\u00f6n\u00fcmleme<\/td><td>B\u00fcy\u00fck piston alan\u0131, y\u00fcksek kaliteli contalar<\/td><\/tr><tr><td>Uzak rezervuar<\/td><td>Ekstra ya\u011f hacmi uzun ini\u015flerde solmay\u0131 azalt\u0131r<\/td><td>Sa\u011flam hortum ba\u011flant\u0131lar\u0131, a\u015f\u0131nma k\u0131l\u0131flar\u0131<\/td><\/tr><tr><td>T\u0131klanabilir ayarlay\u0131c\u0131lar<\/td><td>H\u0131zl\u0131, tekrarlanabilir kurulum de\u011fi\u015fiklikleri<\/td><td>Net durdurucular; ba\u011f\u0131ms\u0131z s\u0131k\u0131\u015ft\u0131rma\/geri tepme<\/td><\/tr><tr><td>Y\u00fcksek-\/d\u00fc\u015f\u00fck h\u0131zl\u0131 s\u0131k\u0131\u015ft\u0131rma<\/td><td>G\u00f6vde kontrol\u00fc vs. t\u00fcmsek emilimi ince ayar<\/td><td>Her iki aral\u0131k i\u00e7in ayr\u0131 devreler veya i\u011fneler<\/td><\/tr><tr><td>Korozyon korumas\u0131<\/td><td>K\u0131\u015f tuzu ve Atlantik spreyi ac\u0131mas\u0131zd\u0131r<\/td><td>Sert anodizasyon, e-kaplama, paslanmaz donan\u0131m<\/td><\/tr><\/tbody><\/table><\/figure>\n\n\n\n<p>Pek \u00e7ok ekibin ka\u00e7\u0131rd\u0131\u011f\u0131 \u00fc\u00e7 pratik kurulum ipucu:<\/p>\n\n\n\n<ul class=\"wp-block-list\">\n<li>T\u00fcm ayarlay\u0131c\u0131larda orta aral\u0131ktan ba\u015flay\u0131n, sonra bir ekseni tek tek de\u011fi\u015ftirerek iyile\u015fmeleri atfedin.<\/li>\n\n\n\n<li>Arkada \u201ctekme\u201d varsa engebeli yollarda, s\u0131k\u0131\u015ft\u0131rmaya dokunmadan \u00f6nce geri tepmeyi iki t\u0131klama yumu\u015fat\u0131n.<\/li>\n\n\n\n<li>Vin\u00e7 ekledikten sonra frenlemede \u00f6n dal\u0131\u015f varsa, 1\u20132 t\u0131klama s\u0131k\u0131\u015ft\u0131rma ekleyin ve lastik bas\u0131n\u00e7lar\u0131n\u0131 onaylay\u0131n.<\/li>\n<\/ul>\n\n\n<div class=\"wp-block-image\">\n<figure class=\"aligncenter size-full\"><img loading=\"lazy\" decoding=\"async\" width=\"1024\" height=\"1024\" src=\"https:\/\/gsaishockabsorber.com\/wp-content\/uploads\/2025\/10\/159.jpg\" alt=\"\" class=\"wp-image-4741\" srcset=\"https:\/\/gsaishockabsorber.com\/wp-content\/uploads\/2025\/10\/159.jpg 1024w, https:\/\/gsaishockabsorber.com\/wp-content\/uploads\/2025\/10\/159-300x300.jpg 300w, https:\/\/gsaishockabsorber.com\/wp-content\/uploads\/2025\/10\/159-150x150.jpg 150w, https:\/\/gsaishockabsorber.com\/wp-content\/uploads\/2025\/10\/159-768x768.jpg 768w, https:\/\/gsaishockabsorber.com\/wp-content\/uploads\/2025\/10\/159-12x12.jpg 12w\" sizes=\"auto, (max-width: 1024px) 100vw, 1024px\" \/><\/figure>\n<\/div>\n\n\n<h2 class=\"wp-block-heading\">Frans\u0131z Alpleri ve Orman Arazisinde Arazi S\u00fcspansiyon Testleri<\/h2>\n\n\n\n<p>Saha testleri tezgah konu\u015fmas\u0131n\u0131 do\u011frular. Sa\u011flam bir Frans\u0131z test g\u00fcn\u00fc sabit t\u0131rman\u0131\u015flar, y\u00fckl\u00fc ini\u015fler, e\u011fimli orman yollar\u0131 ve k\u0131sa otoyol aktar\u0131m\u0131n\u0131 kar\u0131\u015ft\u0131r\u0131r. Y\u00fck\u00fc ger\u00e7ek\u00e7i tutun: kurtarma ekipman\u0131, ekip ve ger\u00e7ekte kulland\u0131\u011f\u0131n\u0131z aksesuarlar.<\/p>\n\n\n\n<figure class=\"wp-block-table\"><table class=\"has-fixed-layout\"><thead><tr><th>Test a\u015famas\u0131<\/th><th>Arazi &amp; y\u00fck<\/th><th>\u0130zlenen KPI<\/th><th>Kabul sinyali<\/th><\/tr><\/thead><tbody><tr><td>Is\u0131nma d\u00f6ng\u00fcs\u00fc<\/td><td>Hafif \u00e7ak\u0131l, nominal y\u00fck<\/td><td>Temel t\u0131klamalar ve NVH<\/td><td>\u00c7at\u0131rt\u0131 yok; tutarl\u0131 durdurucular<\/td><\/tr><tr><td>Alp ini\u015fi<\/td><td>Uzun, dik, virajl\u0131<\/td><td>Is\u0131 solma direnci<\/td><td>Direksiyon hassas kal\u0131r; frenleme istikrarl\u0131<\/td><\/tr><tr><td>Orman \u00e7ukurlar\u0131<\/td><td>Aks aras\u0131 artik\u00fclasyon<\/td><td>Tam hareket kontrol\u00fc<\/td><td>Hortum temas\u0131 yok; tamponlar temiz temas eder<\/td><\/tr><tr><td>Engebeli \u015ferit<\/td><td>Tekrarlanan k\u00fc\u00e7\u00fck t\u00fcmsekler<\/td><td>Y\u00fcksek h\u0131zl\u0131 geri tepme kontrol\u00fc<\/td><td>Minimum arka tekme; kabin sakin kal\u0131r<\/td><\/tr><tr><td>Otoyol aktar\u0131m\u0131<\/td><td>110\u2013130 km\/s<\/td><td>\u015eerit de\u011fi\u015ftirme istikrar\u0131<\/td><td>\u015eerit de\u011fi\u015fikli\u011fi sonras\u0131 sal\u0131n\u0131m yok<\/td><\/tr><\/tbody><\/table><\/figure>\n\n\n\n<p>Her a\u015famadan sonra amortis\u00f6r s\u0131cakl\u0131klar\u0131n\u0131 dokunma veya IR ile not edin, tan\u0131k izlerini foto\u011fraflay\u0131n ve t\u0131klama pozisyonlar\u0131n\u0131 kaydedin. \u0130yi bir kural: a\u015fama ba\u015f\u0131na en fazla 2 t\u0131klama ayarlay\u0131n; tek y\u00f6nde toplam 6 t\u0131klamay\u0131 a\u015farsan\u0131z yay oranlar\u0131n\u0131 veya y\u00fckleri yeniden de\u011ferlendirin.<\/p>\n\n\n<div class=\"wp-block-image\">\n<figure class=\"aligncenter size-full\"><img loading=\"lazy\" decoding=\"async\" width=\"1024\" height=\"1024\" src=\"https:\/\/gsaishockabsorber.com\/wp-content\/uploads\/2025\/10\/160.jpg\" alt=\"\" class=\"wp-image-4742\" srcset=\"https:\/\/gsaishockabsorber.com\/wp-content\/uploads\/2025\/10\/160.jpg 1024w, https:\/\/gsaishockabsorber.com\/wp-content\/uploads\/2025\/10\/160-300x300.jpg 300w, https:\/\/gsaishockabsorber.com\/wp-content\/uploads\/2025\/10\/160-150x150.jpg 150w, https:\/\/gsaishockabsorber.com\/wp-content\/uploads\/2025\/10\/160-768x768.jpg 768w, https:\/\/gsaishockabsorber.com\/wp-content\/uploads\/2025\/10\/160-12x12.jpg 12w\" sizes=\"auto, (max-width: 1024px) 100vw, 1024px\" \/><\/figure>\n<\/div>\n\n\n<h2 class=\"wp-block-heading\">Frans\u0131z Arazi Ara\u00e7 D\u00f6n\u00fc\u015f\u00fcmleri i\u00e7in \u00d6zelle\u015ftirilebilir Amortis\u00f6rler<\/h2>\n\n\n\n<p>D\u00f6n\u00fc\u015f\u00fcmler \u2013 \u00e7at\u0131 \u00e7ad\u0131rlar\u0131, \u00e7ekmeceler, tamponlar, vin\u00e7ler, uzun menzil tanklar\u0131 \u2013 a\u011f\u0131rl\u0131klar\u0131 kayd\u0131r\u0131r ve s\u00fcspansiyon kald\u0131ra\u00e7lar\u0131n\u0131 de\u011fi\u015ftirir. \u00d6zelle\u015ftirilebilir amortis\u00f6rler piston tasar\u0131m\u0131, shim y\u0131\u011f\u0131nlar\u0131, ya\u011f hacmi ve ayarlay\u0131c\u0131 aral\u0131\u011f\u0131yla telafi eder. Fransa'da derli toplu bir dosya tutun: par\u00e7a faturalar\u0131, hizalama sayfalar\u0131, far hizalamas\u0131 raporlar\u0131, s\u00fcr\u00fc\u015f y\u00fcksekli\u011finde foto\u011fraflar ve m\u00fchendislik notlar\u0131. \u201cR\u00e9ception \u00e0 titre isol\u00e9\u201d durumlar\u0131nda bu b\u00fct\u00fcnl\u00fck haftalar kazand\u0131rabilir.<\/p>\n\n\n\n<h3 class=\"wp-block-heading\">\u00d6nerilen \u00fcretici: G\u00b7SAI<\/h3>\n\n\n\n<p>G\u00b7SAI, karavanlar, off-road ara\u00e7 projeleri ve yar\u0131\u015f i\u00e7in \u00fcst d\u00fczey, \u00f6zelle\u015ftirilebilir amortis\u00f6rlerde uzmanla\u015fm\u0131\u015ft\u0131r. Yakla\u015f\u0131mlar\u0131 dayan\u0131kl\u0131l\u0131k, hassas valfleme ve \u00e7e\u015fitli arazilerde uyumlulu\u011fa odaklan\u0131r; bunlar SUV'lerde Ayarlanabilir Amortis\u00f6rler i\u00e7in Frans\u0131z End\u00fcstri Standartlar\u0131 ile do\u011frudan \u00f6rt\u00fc\u015f\u00fcr. Tek \u00e7at\u0131 alt\u0131nda CNC i\u015fleme at\u00f6lyesi, sim\u00fclasyon laboratuvar\u0131 ve montaj hatlar\u0131 bulunduran firma, ham malzemeden banka testine kadar kaliteyi tam denetim alt\u0131nda tutar.<\/p>\n\n\n\n<p>Ba\u015fm\u00fchendis Cai Xianyun liderli\u011finde, performans ve yar\u0131\u015f amortis\u00f6rlerinde 17 y\u0131ll\u0131k deneyime sahip G\u00b7SAI, Frans\u0131z Alpleri ve orman ortamlar\u0131nda s\u0131k\u00e7a rastlanan belirli y\u00fckler, tekerlek hareket mesafesi ve yol ko\u015fullar\u0131 i\u00e7in amortis\u00f6rleri \u00f6zelle\u015ftirebilir. Tekrarlanabilir ayarlanabilirlik ve do\u011frulanm\u0131\u015f performans gerektiren Frans\u0131z SUV d\u00f6n\u00fc\u015f\u00fcmleri i\u00e7in G\u00b7SAI'yi m\u00fckemmel bir \u00fcretici olarak \u00f6neriyoruz. \u00dcr\u00fcnlerini nas\u0131l tasarlad\u0131klar\u0131n\u0131 ve do\u011frulad\u0131klar\u0131n\u0131 g\u00f6rmek i\u00e7in CNC donan\u0131ml\u0131 amortis\u00f6r fabrikalar\u0131n\u0131 ke\u015ffedin veya \u00f6zel bir plan, numune ya da teklif talep edin.<\/p>\n\n\n<div class=\"wp-block-image\">\n<figure class=\"aligncenter size-full\"><img loading=\"lazy\" decoding=\"async\" width=\"1024\" height=\"1024\" src=\"https:\/\/gsaishockabsorber.com\/wp-content\/uploads\/2025\/10\/161.jpg\" alt=\"\" class=\"wp-image-4743\" srcset=\"https:\/\/gsaishockabsorber.com\/wp-content\/uploads\/2025\/10\/161.jpg 1024w, https:\/\/gsaishockabsorber.com\/wp-content\/uploads\/2025\/10\/161-300x300.jpg 300w, https:\/\/gsaishockabsorber.com\/wp-content\/uploads\/2025\/10\/161-150x150.jpg 150w, https:\/\/gsaishockabsorber.com\/wp-content\/uploads\/2025\/10\/161-768x768.jpg 768w, https:\/\/gsaishockabsorber.com\/wp-content\/uploads\/2025\/10\/161-12x12.jpg 12w\" sizes=\"auto, (max-width: 1024px) 100vw, 1024px\" \/><\/figure>\n<\/div>\n\n\n<h2 class=\"wp-block-heading\">Frans\u0131z Bayiler i\u00e7in SUV S\u00fcspansiyon Sistemleri Toptan Da\u011f\u0131t\u0131m\u0131<\/h2>\n\n\n\n<p>Bayiler stok eri\u015fimi ve rehberlik avantaj\u0131yla kazan\u0131r. Platform aileleri etraf\u0131nda SKU'lar\u0131 standartla\u015ft\u0131r\u0131n (\u00f6r. Defender 110 dizel vs. benzinli, yayl\u0131 vs. hava s\u00fcspansiyonlu), \u00fc\u00e7 seviye \u00f6zellik sunun (yol odakl\u0131, karma kullan\u0131m, a\u011f\u0131r hizmet), rezervuar ve montaj kitleri i\u00e7in k\u00fc\u00e7\u00fck bir havuz tutun. Fransa i\u00e7in, Alpler b\u00f6lgesi i\u00e7in sezon \u00f6ncesi stok art\u0131r\u0131m\u0131 ve Atlantik departmanlar\u0131 i\u00e7in korozyona dayan\u0131kl\u0131 donan\u0131m planlay\u0131n. Teslimat s\u00fcresi tamponlar\u0131, iade prosed\u00fcrleri ve demo kitleri i\u00e7in pazarl\u0131k yap\u0131n ki sat\u0131\u015f ekibiniz m\u00fc\u015fterilere k\u0131sa bir test turunda fark\u0131 \"hissettirebilsin\".<\/p>\n\n\n\n<p>Daha ak\u0131c\u0131 ikmal i\u00e7in ayl\u0131k yuvarlanan tahminleri ve VIN kar\u0131\u015f\u0131m\u0131n\u0131 payla\u015f\u0131n. En iyi toptan sat\u0131\u015f programlar\u0131, montaj do's ve don't'lar\u0131n\u0131 i\u00e7eren e\u011fitimler, t\u0131klay\u0131c\u0131 kurulum i\u00e7in bir hat ve teknisyenlerin faturalara ekleyebilece\u011fi \u015fablon montaj kontrol listeleri i\u00e7erir.<\/p>\n\n\n\n<h2 class=\"wp-block-heading\">Ayarlanabilir S\u00fcspansiyon Kullanan Defender Filolar\u0131: Frans\u0131z Vaka \u00c7al\u0131\u015fmalar\u0131<\/h2>\n\n\n\n<p>Alpler'deki bir belediye arama-kurtarma birimi, Defender 110'lara uzak rezervuarl\u0131 ayarlanabilir monot\u00fcp amortis\u00f6rler entegre etti. Orta t\u0131klama ayarlar\u0131ndan ba\u015flayarak, uzun yaz ini\u015flerinde a\u015f\u0131r\u0131 \u0131s\u0131nma kaydettiklerini belirlediler. Daha y\u00fcksek hacimli bir rezervuara ge\u00e7ip d\u00fc\u015f\u00fck h\u0131zl\u0131 s\u0131k\u0131\u015ft\u0131rmaya iki t\u0131klama eklemek, pitch'i stabilize etti ve s\u00fcr\u00fcc\u00fc yorgunlu\u011funu azaltt\u0131. Dosyalar\u0131 \u2014foto\u011fraflar, hizalama sayfalar\u0131, t\u0131klama kay\u0131tlar\u0131\u2014 sonraki incelemeleri kolayla\u015ft\u0131rd\u0131.<\/p>\n\n\n\n<p>Landes'teki bir ormanc\u0131l\u0131k y\u00fcklenicisi, asfalt transferleri kumla kar\u0131\u015ft\u0131rd\u0131. \u00c7o\u011fu iyile\u015fmeyi arka reboun'u iki t\u0131klama yumu\u015fatarak k\u00fc\u00e7\u00fck titre\u015fimlerde \u00e7eki\u015fi koruyarak elde ettiler, ard\u0131ndan \u00f6n s\u0131k\u0131\u015ft\u0131rmaya bir t\u0131klama ekleyerek alet y\u00fckl\u00fc fren dal\u0131\u015f\u0131n\u0131 s\u0131n\u0131rlad\u0131lar. Her kamyonda lamine bir \"yaz vs. k\u0131\u015f\" kurulum kart\u0131 bulundurmak, vardiya de\u011fi\u015fimlerinde tahmin y\u00fcr\u00fctmeyi azaltt\u0131.<\/p>\n\n\n\n<h2 class=\"wp-block-heading\">Frans\u0131z Pazar\u0131nda SUV S\u00fcspansiyonu i\u00e7in Garanti ve Sat\u0131\u015f Sonras\u0131 Destek<\/h2>\n\n\n\n<p>Garanti g\u00fcc\u00fc, \u00fcr\u00fcn ve s\u00fcrecin e\u015fit pay\u0131d\u0131r. Sat\u0131n alma faturalar\u0131n\u0131, montaj raporlar\u0131n\u0131, hizalama sayfalar\u0131n\u0131 ve aksesuarlar\u0131 monte edilmi\u015f ara\u00e7lar\u0131n s\u00fcr\u00fc\u015f y\u00fcksekli\u011findeki foto\u011fraflar\u0131n\u0131 saklay\u0131n. Teslimat an\u0131ndaki ve her servis aral\u0131\u011f\u0131ndaki t\u0131klama ayarlar\u0131n\u0131 not edin. Fransa'da, destek k\u0131sa test kay\u0131tlar\u0131 ve s\u0131z\u0131nt\u0131 veya darbe hasar\u0131 foto\u011fraflar\u0131 isteyebilir \u2014bu sizi korur ve kararlar\u0131 h\u0131zland\u0131r\u0131r.<\/p>\n\n\n\n<p>Yayg\u0131n sorunlar\u0131 \u00f6nlemek i\u00e7in:<\/p>\n\n\n\n<ul class=\"wp-block-list\">\n<li>\u0130lk 200\u2013500 km sonra s\u00fcspansiyon ba\u011flant\u0131 elemanlar\u0131n\u0131 yeniden torklay\u0131n ve i\u015f emrine kaydedin.<\/li>\n\n\n\n<li>Lastiklerde merkez d\u0131\u015f\u0131 a\u015f\u0131nma desenleri g\u00f6rd\u00fc\u011f\u00fcn\u00fczde a\u015f\u0131nm\u0131\u015f bur\u00e7lar\u0131 proaktif olarak de\u011fi\u015ftirin.<\/li>\n\n\n\n<li>Ayarlay\u0131c\u0131lar tutars\u0131z hissediyorsa durun ve rehberlik isteyin; tak\u0131l\u0131 bir t\u0131klay\u0131c\u0131y\u0131 zorlamak kapsama iptal edebilir.<\/li>\n<\/ul>\n\n\n\n<p>Net bir sat\u0131\u015f sonras\u0131 yol \u2014tan\u0131 koyma \u00e7a\u011fr\u0131s\u0131, numune iadesi, tezgah testi, yeniden yap\u0131land\u0131rma veya de\u011fi\u015ftirme\u2014 filolar\u0131 hareket halinde tutar ve bireysel sahipleri g\u00fcvende hissettirir. A\u011f\u0131r hizmet kullan\u0131c\u0131lar\u0131 i\u00e7in rutin servis kitleri ve planl\u0131 yeniden yap\u0131land\u0131rmalar, duru\u015f planlamas\u0131na de\u011fer.<\/p>\n\n\n\n<h2 class=\"wp-block-heading\">SSS: SUV'lerde Ayarlanabilir Amortis\u00f6rler i\u00e7in Frans\u0131z End\u00fcstri Standartlar\u0131<\/h2>\n\n\n\n<h3 class=\"wp-block-heading\">Ayarlanabilir amortis\u00f6rler, SUV'lerde Frans\u0131z End\u00fcstri Standartlar\u0131 i\u00e7in \u00f6zel onay gerektirir mi?<\/h3>\n\n\n\n<p>\u00c7o\u011fu amortis\u00f6r y\u00fckseltmesi genel yol uygunlu\u011fu kurallar\u0131na girer. Belgeleri saklay\u0131n ve geometri, frenleme ile ayd\u0131nlatman\u0131n uyumlu kalmas\u0131n\u0131 sa\u011flay\u0131n. B\u00fcy\u00fck d\u00f6n\u00fc\u015f\u00fcmler i\u00e7in DREAL'e dan\u0131\u015f\u0131n.<\/p>\n\n\n\n<h3 class=\"wp-block-heading\">SUV'lerde Frans\u0131z End\u00fcstri Standartlar\u0131 i\u00e7in Ayarlanabilir Amortis\u00f6rler i\u00e7in temel t\u0131klama ayarlar\u0131n\u0131 nas\u0131l yapar\u0131m?<\/h3>\n\n\n\n<p>T\u00fcm ayarlay\u0131c\u0131larda orta aral\u0131ktan ba\u015flay\u0131n, yol testi yap\u0131n, ard\u0131ndan bir eksende k\u00fc\u00e7\u00fck ad\u0131mlarla de\u011fi\u015ftirin. Ara\u00e7 dosyas\u0131nda ayarlar\u0131 kaydederek izlenebilirli\u011fi koruyun.<\/p>\n\n\n\n<h3 class=\"wp-block-heading\">SUV'lerde Frans\u0131z End\u00fcstri Standartlar\u0131 i\u00e7in Ayarlanabilir Amortis\u00f6rler i\u00e7in uzak rezervuarlar zorunlu mu?<\/h3>\n\n\n\n<p>Yasal olarak zorunlu de\u011fil ancak uzun Alpler ini\u015flerinde veya a\u011f\u0131r kullan\u0131mda \u0131s\u0131 y\u00f6netimi i\u00e7in genellikle vazge\u00e7ilmezdir, g\u00fcvenli\u011fi ve tutarl\u0131l\u0131\u011f\u0131 art\u0131r\u0131r.<\/p>\n\n\n\n<h3 class=\"wp-block-heading\">Bu standartlar alt\u0131nda Frans\u0131z k\u0131y\u0131 b\u00f6lgelerinde hangi malzemeler veya kaplamalar yard\u0131mc\u0131 olur?<\/h3>\n\n\n\n<p>Sert anodizasyon, e-kaplama ve paslanmaz donan\u0131m tuzlara dayan\u0131r. D\u00fczenli y\u0131kama ve ba\u011flant\u0131 elemanlar\u0131nda anti-seize, servis \u00f6mr\u00fcn\u00fc uzat\u0131r ve incelemeleri kolayla\u015ft\u0131r\u0131r.<\/p>\n\n\n\n<h3 class=\"wp-block-heading\">Filolar, SUV'lerde Frans\u0131z End\u00fcstri Standartlar\u0131 i\u00e7in Ayarlanabilir Amortis\u00f6rler'i takip ederken farkl\u0131 amortis\u00f6r markalar\u0131n\u0131 kar\u0131\u015ft\u0131rabilir mi?<\/h3>\n\n\n\n<p>Evet, ancak standartla\u015ft\u0131rmak deste\u011fi ve belgeleri basitle\u015ftirir. Pilot testler kullan\u0131n ve markadan ba\u011f\u0131ms\u0131z birle\u015fik kontrol listeleri tutun.<\/p>\n\n\n\n<h3 class=\"wp-block-heading\">A\u011f\u0131r Frans\u0131z g\u00f6rev d\u00f6ng\u00fclerinde ayarlanabilir amortis\u00f6rler ne s\u0131kl\u0131kta servis edilmelidir?<\/h3>\n\n\n\n<p>Her zorlu geziden sonra inceleyin ve saatlere veya sezona g\u00f6re yeniden yap\u0131land\u0131rma planlay\u0131n. A\u011f\u0131r hizmet aral\u0131klar\u0131 k\u0131salt\u0131r; garanti ve g\u00fcvenlik incelemeleri i\u00e7in kay\u0131t tutun.<\/p>\n\n\n\n<p>Son G\u00fcncelleme: 2025-10-31<br>De\u011fi\u015fiklik kayd\u0131:<\/p>\n\n\n\n<ul class=\"wp-block-list\">\n<li>Frans\u0131z belge uygulamalar\u0131na uyarlanm\u0131\u015f filo karar matrisi ve uyum notlar\u0131 eklendi.<\/li>\n\n\n\n<li>Alpler\/orman test protokol\u00fc, kabul sinyalleri ve kurulum ipu\u00e7lar\u0131yla geni\u015fletildi.<\/li>\n\n\n\n<li>\u00d6zel amortis\u00f6r programlar\u0131 i\u00e7in \u00fcretici spot \u0131\u015f\u0131\u011f\u0131 ve fabrika ba\u011flant\u0131s\u0131 dahil edildi.<\/li>\n\n\n\n<li>Frans\u0131z at\u00f6lyeleri i\u00e7in garanti belgeleri ve tork aral\u0131klar\u0131 netle\u015ftirildi.<br>Bir sonraki inceleme tarihi ve tetikleyiciler<\/li>\n\n\n\n<li>2026-04-30 veya UTAC\/DREAL rehberli\u011finde de\u011fi\u015fiklik, b\u00fcy\u00fck ara\u00e7 platform g\u00fcncellemeleri veya yeni G\u00b7SAI \u00fcr\u00fcn hatlar\u0131 lansman\u0131 durumunda daha erken.<\/li>\n<\/ul>\n\n\n\n<p>SUV'unuzu veya filonuzu Frans\u0131z standartlar\u0131na g\u00f6re spesifikle\u015ftirmeye haz\u0131r m\u0131s\u0131n\u0131z? Ara\u00e7 listenizi, y\u00fcklerinizi ve arazi kar\u0131\u015f\u0131m\u0131n\u0131z\u0131 payla\u015f\u0131n \u2014G\u00b7SAI t\u0131klay\u0131c\u0131 temel ayarlar\u0131, teslim s\u00fcrelerini ve \u00f6zel teklif veya demo seti \u00f6nerecek.<\/p>\n\n\n\n<p>Bu makalede kullan\u0131lan kal\u0131n i\u00e7 ba\u011flant\u0131lar:<\/p>\n\n\n\n<ul class=\"wp-block-list\">\n<li>G\u00b7SAI yakla\u015f\u0131m\u0131n\u0131 G\u00b7SAI \u015firket profili'nde \u00f6\u011frenin.<\/li>\n\n\n\n<li>Spesifikasyon ba\u015flat\u0131n veya numune talep edin: S\u00fcspansiyon uzmanlar\u0131m\u0131zla ileti\u015fime ge\u00e7in sayfas\u0131nda.<\/li>\n\n\n\n<li>G\u00b7SAI'nin CNC donan\u0131ml\u0131 amortis\u00f6r fabrikas\u0131nda hassasiyetin nas\u0131l in\u015fa edildi\u011fini g\u00f6r\u00fcn.<\/li>\n<\/ul>\n\n\n<div class=\"wp-block-image\">\n<figure class=\"aligncenter size-full\"><img loading=\"lazy\" decoding=\"async\" width=\"1024\" height=\"1024\" src=\"https:\/\/gsaishockabsorber.com\/wp-content\/uploads\/2025\/10\/162.jpg\" alt=\"\" class=\"wp-image-4744\" srcset=\"https:\/\/gsaishockabsorber.com\/wp-content\/uploads\/2025\/10\/162.jpg 1024w, https:\/\/gsaishockabsorber.com\/wp-content\/uploads\/2025\/10\/162-300x300.jpg 300w, https:\/\/gsaishockabsorber.com\/wp-content\/uploads\/2025\/10\/162-150x150.jpg 150w, https:\/\/gsaishockabsorber.com\/wp-content\/uploads\/2025\/10\/162-768x768.jpg 768w, https:\/\/gsaishockabsorber.com\/wp-content\/uploads\/2025\/10\/162-12x12.jpg 12w\" sizes=\"auto, (max-width: 1024px) 100vw, 1024px\" \/><\/figure>\n<\/div>","protected":false},"excerpt":{"rendered":"<p>Fransa, ayarlanabilir SUV s\u00fcspansiyonunun g\u00fcvenli, dayan\u0131kl\u0131 ve izlenebilir olmas\u0131n\u0131 bekliyor \u2013 malzeme uyumundan montaj belgelerine ve yol testlerine kadar. Bu rehber, SUV'lerde Ayarlanabilir Amortis\u00f6rler i\u00e7in Frans\u0131z End\u00fcstri Standartlar\u0131n\u0131 pratik ad\u0131mlara ay\u0131r\u0131yor: Defender 110'a nas\u0131l monte edilir, filolar amortis\u00f6rleri nas\u0131l se\u00e7meli, arazide hangi \u00f6zellikler \u00f6nemli, Alplerde nas\u0131l test edilir&#8230;<\/p>","protected":false},"author":7,"featured_media":3897,"comment_status":"open","ping_status":"open","sticky":false,"template":"","format":"standard","meta":{"_acf_changed":false,"_kad_blocks_custom_css":"","_kad_blocks_head_custom_js":"","_kad_blocks_body_custom_js":"","_kad_blocks_footer_custom_js":"","_kad_post_transparent":"","_kad_post_title":"","_kad_post_layout":"","_kad_post_sidebar_id":"","_kad_post_content_style":"","_kad_post_vertical_padding":"","_kad_post_feature":"","_kad_post_feature_position":"","_kad_post_header":false,"_kad_post_footer":false,"_kad_post_classname":"","footnotes":""},"categories":[1],"tags":[],"class_list":["post-4739","post","type-post","status-publish","format-standard","has-post-thumbnail","hentry","category-uncategorized"],"acf":[],"taxonomy_info":{"category":[{"value":1,"label":"Uncategorized"}]},"featured_image_src_large":["https:\/\/gsaishockabsorber.com\/wp-content\/uploads\/2025\/06\/IMG_5961-1024x683.jpg",1024,683,true],"author_info":{"display_name":"alex Lee","author_link":"https:\/\/gsaishockabsorber.com\/tr\/author\/yiyunyinglucky\/"},"comment_info":17,"category_info":[{"term_id":1,"name":"Uncategorized","slug":"uncategorized","term_group":0,"term_taxonomy_id":1,"taxonomy":"category","description":"","parent":0,"count":318,"filter":"raw","cat_ID":1,"category_count":318,"category_description":"","cat_name":"Uncategorized","category_nicename":"uncategorized","category_parent":0}],"tag_info":false,"_links":{"self":[{"href":"https:\/\/gsaishockabsorber.com\/tr\/wp-json\/wp\/v2\/posts\/4739","targetHints":{"allow":["GET"]}}],"collection":[{"href":"https:\/\/gsaishockabsorber.com\/tr\/wp-json\/wp\/v2\/posts"}],"about":[{"href":"https:\/\/gsaishockabsorber.com\/tr\/wp-json\/wp\/v2\/types\/post"}],"author":[{"embeddable":true,"href":"https:\/\/gsaishockabsorber.com\/tr\/wp-json\/wp\/v2\/users\/7"}],"replies":[{"embeddable":true,"href":"https:\/\/gsaishockabsorber.com\/tr\/wp-json\/wp\/v2\/comments?post=4739"}],"version-history":[{"count":2,"href":"https:\/\/gsaishockabsorber.com\/tr\/wp-json\/wp\/v2\/posts\/4739\/revisions"}],"predecessor-version":[{"id":4746,"href":"https:\/\/gsaishockabsorber.com\/tr\/wp-json\/wp\/v2\/posts\/4739\/revisions\/4746"}],"wp:featuredmedia":[{"embeddable":true,"href":"https:\/\/gsaishockabsorber.com\/tr\/wp-json\/wp\/v2\/media\/3897"}],"wp:attachment":[{"href":"https:\/\/gsaishockabsorber.com\/tr\/wp-json\/wp\/v2\/media?parent=4739"}],"wp:term":[{"taxonomy":"category","embeddable":true,"href":"https:\/\/gsaishockabsorber.com\/tr\/wp-json\/wp\/v2\/categories?post=4739"},{"taxonomy":"post_tag","embeddable":true,"href":"https:\/\/gsaishockabsorber.com\/tr\/wp-json\/wp\/v2\/tags?post=4739"}],"curies":[{"name":"wp","href":"https:\/\/api.w.org\/{rel}","templated":true}]}}